{"id":5213,"date":"2002-02-24T16:58:56","date_gmt":"2002-02-24T16:58:56","guid":{"rendered":"https:\/\/www.vindenes.nu\/?p=5213"},"modified":"2025-11-05T22:02:21","modified_gmt":"2025-11-05T22:02:21","slug":"montserrat","status":"publish","type":"post","link":"https:\/\/www.vindenes.nu\/no\/2002\/02\/24\/montserrat\/","title":{"rendered":"Fjellvandring i Montserrat"},"content":{"rendered":"<p>I slutten av februar 2002 var eg p\u00e5 ein konferanse i Barcelona, og nytta h\u00f8vet til \u00e5 vitje fjellet Montserrat som ligg i n\u00e6rleiken.<\/p>\n<style type=\"text\/css\">\n#foogallery-gallery-3907.fg-justified .fg-item { margin-right: 2px; margin-bottom: 2px; }\n#foogallery-gallery-3907.fg-justified .fg-image { height: 200px; }<\/style>\n\t\t\t<div class=\"foogallery foogallery-container foogallery-justified foogallery-lightbox-foogallery fg-justified fg-ready fg-light fg-shadow-outline fg-loading-default fg-loaded-fade-in fg-caption-always fg-hover-fade fg-hover-zoom2\" id=\"foogallery-gallery-3907\" data-foogallery=\"{&quot;item&quot;:{&quot;showCaptionTitle&quot;:true,&quot;showCaptionDescription&quot;:false},&quot;lazy&quot;:false,&quot;src&quot;:&quot;src&quot;,&quot;srcset&quot;:&quot;srcset&quot;,&quot;template&quot;:{&quot;rowHeight&quot;:200,&quot;maxRowHeight&quot;:300,&quot;margins&quot;:2,&quot;align&quot;:&quot;center&quot;,&quot;lastRow&quot;:&quot;smart&quot;}}\" data-foogallery-lightbox=\"{&quot;thumbs&quot;:&quot;bottom&quot;,&quot;thumbsCaptions&quot;:false,&quot;thumbsBestFit&quot;:false,&quot;thumbsSmall&quot;:false,&quot;thumbsCaptionsAlign&quot;:&quot;default&quot;,&quot;info&quot;:&quot;bottom&quot;,&quot;infoVisible&quot;:true,&quot;infoOverlay&quot;:true,&quot;infoAlign&quot;:&quot;default&quot;,&quot;transition&quot;:&quot;fade&quot;,&quot;hoverButtons&quot;:false,&quot;fitMedia&quot;:false,&quot;noScrollbars&quot;:true,&quot;preserveButtonSpace&quot;:true,&quot;buttons&quot;:{&quot;fullscreen&quot;:true,&quot;info&quot;:true,&quot;thumbs&quot;:false},&quot;video&quot;:{&quot;autoPlay&quot;:true}}\" style=\"--fg-title-line-clamp: 0; --fg-description-line-clamp: 0;\" >\n\t<div class=\"fg-item fg-type-image fg-loaded\"><figure class=\"fg-item-inner\"><a href=\"https:\/\/www.vindenes.nu\/wp-content\/uploads\/2023\/12\/1078.jpg\" data-caption-desc=\"Montserrat ligg berre omlag ein time med tog nordvest for Barcelona. Omr\u00e5det var under vatn for 25 millionar \u00e5r sidan, og har sidan den gong blitt forma av erosjon. Ei kabelbane g\u00e5r fr\u00e5 der toget stoppar og opp til klosteret i Monserrat.\" data-attachment-id=\"3908\" data-type=\"image\" class=\"fg-thumb\"><span class=\"fg-image-wrap\"><img fetchpriority=\"high\" decoding=\"async\" src=\"https:\/\/www.vindenes.nu\/wp-content\/uploads\/cache\/2023\/12\/1078\/4031983981.jpg\" height=\"300\" width=\"400\" class=\"skip-lazy fg-image\" loading=\"eager\"><\/span><span class=\"fg-image-overlay\"><\/span><\/a><\/figure><div class=\"fg-loader\"><\/div><\/div><div class=\"fg-item fg-type-image fg-loaded\"><figure class=\"fg-item-inner\"><a href=\"https:\/\/www.vindenes.nu\/wp-content\/uploads\/2023\/12\/1079.jpg\" data-caption-desc=\"Kabelbana sett fr\u00e5 stasjonen like ved klosteret.\" data-attachment-id=\"3909\" data-type=\"image\" class=\"fg-thumb\"><span class=\"fg-image-wrap\"><img decoding=\"async\" src=\"https:\/\/www.vindenes.nu\/wp-content\/uploads\/cache\/2023\/12\/1079\/627855656.jpg\" height=\"300\" width=\"225\" class=\"skip-lazy fg-image\" loading=\"eager\"><\/span><span class=\"fg-image-overlay\"><\/span><\/a><\/figure><div class=\"fg-loader\"><\/div><\/div><div class=\"fg-item fg-type-image fg-loaded\"><figure class=\"fg-item-inner\"><a href=\"https:\/\/www.vindenes.nu\/wp-content\/uploads\/2023\/12\/1117.jpg\" data-caption-desc=\"Klosteret var f\u00f8rste stopp p\u00e5 turen. Dette klosteret har ei over 1000 \u00e5r lang historie, og ligg p\u00e5 omlag 1000 meter over havet. Gjennom fleire hundre \u00e5r hadde klosteret sitt eige flagg og ein status lik den som Vatikanstaten har i dag.\" data-attachment-id=\"3910\" data-type=\"image\" class=\"fg-thumb\"><span class=\"fg-image-wrap\"><img decoding=\"async\" src=\"https:\/\/www.vindenes.nu\/wp-content\/uploads\/cache\/2023\/12\/1117\/1746446737.jpg\" height=\"300\" width=\"225\" class=\"skip-lazy fg-image\" loading=\"eager\"><\/span><span class=\"fg-image-overlay\"><\/span><\/a><\/figure><div class=\"fg-loader\"><\/div><\/div><div class=\"fg-item fg-type-image fg-loaded\"><figure class=\"fg-item-inner\"><a href=\"https:\/\/www.vindenes.nu\/wp-content\/uploads\/2023\/12\/1087.jpg\" data-caption-desc=\"Fr\u00e5 klosteret kunne eg sj\u00e5 fjella som eg ville stige til toppen av.\" data-attachment-id=\"3911\" data-type=\"image\" class=\"fg-thumb\"><span class=\"fg-image-wrap\"><img decoding=\"async\" src=\"https:\/\/www.vindenes.nu\/wp-content\/uploads\/cache\/2023\/12\/1087\/854332463.jpg\" height=\"300\" width=\"221\" class=\"skip-lazy fg-image\" loading=\"eager\"><\/span><span class=\"fg-image-overlay\"><\/span><\/a><\/figure><div class=\"fg-loader\"><\/div><\/div><div class=\"fg-item fg-type-image fg-loaded\"><figure class=\"fg-item-inner\"><a href=\"https:\/\/www.vindenes.nu\/wp-content\/uploads\/2023\/12\/1082.jpg\" data-caption-desc=\"Inne i renessanse-kyrkja fr\u00e5 15-hundretalet. Denne kyrkja huser den svarte jomfru (La Moreneta), som visstnok eing gong vart etterlatt her av St Peter. Av interi\u00f8ret kan ein sj\u00e5 at dette m\u00e5 ha vore ein s\u00e6rs rikt kloster.\" data-attachment-id=\"3912\" data-type=\"image\" class=\"fg-thumb\"><span class=\"fg-image-wrap\"><img decoding=\"async\" src=\"https:\/\/www.vindenes.nu\/wp-content\/uploads\/cache\/2023\/12\/1082\/1353956134.jpg\" height=\"300\" width=\"225\" class=\"skip-lazy fg-image\" loading=\"eager\"><\/span><span class=\"fg-image-overlay\"><\/span><\/a><\/figure><div class=\"fg-loader\"><\/div><\/div><div class=\"fg-item fg-type-image fg-loaded\"><figure class=\"fg-item-inner\"><a href=\"https:\/\/www.vindenes.nu\/wp-content\/uploads\/2023\/12\/1090.jpg\" data-caption-desc=\"Etter \u00e5 ha blitt frakta end\u00e5 lenger opp av ei ny kabelvogn, og deretter spasert rundt i fjellheimen ei stund, hadde eg lunch p\u00e5 ein fjelltopp. I bakgrunnen ser ein dei fjella eg ville utforske etter lunch.\" data-attachment-id=\"3913\" data-type=\"image\" class=\"fg-thumb\"><span class=\"fg-image-wrap\"><img decoding=\"async\" src=\"https:\/\/www.vindenes.nu\/wp-content\/uploads\/cache\/2023\/12\/1090\/477677763.jpg\" height=\"300\" width=\"400\" class=\"skip-lazy fg-image\" loading=\"eager\"><\/span><span class=\"fg-image-overlay\"><\/span><\/a><\/figure><div class=\"fg-loader\"><\/div><\/div><div class=\"fg-item fg-type-image fg-loaded\"><figure class=\"fg-item-inner\"><a href=\"https:\/\/www.vindenes.nu\/wp-content\/uploads\/2023\/12\/1101.jpg\" data-caption-desc=\"Det var mange som klatra i desse fjella med skikkeleg fjellklatrar-utstyr...\" data-attachment-id=\"3914\" data-type=\"image\" class=\"fg-thumb\"><span class=\"fg-image-wrap\"><img decoding=\"async\" src=\"https:\/\/www.vindenes.nu\/wp-content\/uploads\/cache\/2023\/12\/1101\/3747166009.jpg\" height=\"300\" width=\"400\" class=\"skip-lazy fg-image\" loading=\"eager\"><\/span><span class=\"fg-image-overlay\"><\/span><\/a><\/figure><div class=\"fg-loader\"><\/div><\/div><div class=\"fg-item fg-type-image fg-loaded\"><figure class=\"fg-item-inner\"><a href=\"https:\/\/www.vindenes.nu\/wp-content\/uploads\/2023\/12\/1109.jpg\" data-caption-desc=\"....men eg foretrakk beina. Tau og slike hjelpemiddel er for feigingar!\" data-attachment-id=\"3915\" data-type=\"image\" class=\"fg-thumb\"><span class=\"fg-image-wrap\"><img decoding=\"async\" src=\"https:\/\/www.vindenes.nu\/wp-content\/uploads\/cache\/2023\/12\/1109\/355028055.jpg\" height=\"300\" width=\"241\" class=\"skip-lazy fg-image\" loading=\"eager\"><\/span><span class=\"fg-image-overlay\"><\/span><\/a><\/figure><div class=\"fg-loader\"><\/div><\/div><div class=\"fg-item fg-type-image fg-loaded\"><figure class=\"fg-item-inner\"><a href=\"https:\/\/www.vindenes.nu\/wp-content\/uploads\/2023\/12\/1113.jpg\" data-caption-desc=\"Fjella er ganske por\u00f8se og lette \u00e5 klatre i.\" data-attachment-id=\"3916\" data-type=\"image\" class=\"fg-thumb\"><span class=\"fg-image-wrap\"><img decoding=\"async\" src=\"https:\/\/www.vindenes.nu\/wp-content\/uploads\/cache\/2023\/12\/1113\/3106792881.jpg\" height=\"300\" width=\"400\" class=\"skip-lazy fg-image\" loading=\"eager\"><\/span><span class=\"fg-image-overlay\"><\/span><\/a><\/figure><div class=\"fg-loader\"><\/div><\/div><div class=\"fg-item fg-type-image fg-loaded\"><figure class=\"fg-item-inner\"><a href=\"https:\/\/www.vindenes.nu\/wp-content\/uploads\/2023\/12\/1103.jpg\" data-caption-desc=\"Men enkelte av toppane var likevel noko vansklegare \u00e5 komme til toppen av utan hjelp.\" data-attachment-id=\"3917\" data-type=\"image\" class=\"fg-thumb\"><span class=\"fg-image-wrap\"><img decoding=\"async\" src=\"https:\/\/www.vindenes.nu\/wp-content\/uploads\/cache\/2023\/12\/1103\/3083047209.jpg\" height=\"300\" width=\"400\" class=\"skip-lazy fg-image\" loading=\"eager\"><\/span><span class=\"fg-image-overlay\"><\/span><\/a><\/figure><div class=\"fg-loader\"><\/div><\/div><div class=\"fg-item fg-type-image fg-loaded\"><figure class=\"fg-item-inner\"><a href=\"https:\/\/www.vindenes.nu\/wp-content\/uploads\/2023\/12\/1115.jpg\" data-caption-desc=\"Eg kom meg opp p\u00e5 ein av dei h\u00f8gaste toppane. Til h\u00f8gre i bakgrunnen er det ein annan topp der nokre fjellklatrarar var p\u00e5 veg til toppen av ved hjelp av tau.\" data-attachment-id=\"3918\" data-type=\"image\" class=\"fg-thumb\"><span class=\"fg-image-wrap\"><img decoding=\"async\" src=\"https:\/\/www.vindenes.nu\/wp-content\/uploads\/cache\/2023\/12\/1115\/3868633140.jpg\" height=\"300\" width=\"400\" class=\"skip-lazy fg-image\" loading=\"eager\"><\/span><span class=\"fg-image-overlay\"><\/span><\/a><\/figure><div class=\"fg-loader\"><\/div><\/div><div class=\"fg-item fg-type-image fg-loaded\"><figure class=\"fg-item-inner\"><a href=\"https:\/\/www.vindenes.nu\/wp-content\/uploads\/2023\/12\/1106.jpg\" data-caption-desc=\"Fr\u00e5 mellom to bratte toppar kunne eg sj\u00e5 rett ned p\u00e5 klosteret.\" data-attachment-id=\"3919\" data-type=\"image\" class=\"fg-thumb\"><span class=\"fg-image-wrap\"><img decoding=\"async\" src=\"https:\/\/www.vindenes.nu\/wp-content\/uploads\/cache\/2023\/12\/1106\/1727519567.jpg\" height=\"300\" width=\"400\" class=\"skip-lazy fg-image\" loading=\"eager\"><\/span><span class=\"fg-image-overlay\"><\/span><\/a><\/figure><div class=\"fg-loader\"><\/div><\/div><div class=\"fg-item fg-type-image fg-loaded\"><figure class=\"fg-item-inner\"><a href=\"https:\/\/www.vindenes.nu\/wp-content\/uploads\/2023\/12\/1116.jpg\" data-caption-desc=\"Det er fleire slike hus for eremittar, spreidd rundt (sj\u00f8lvsagt) i fjellheimen.\" data-attachment-id=\"3920\" data-type=\"image\" class=\"fg-thumb\"><span class=\"fg-image-wrap\"><img decoding=\"async\" src=\"https:\/\/www.vindenes.nu\/wp-content\/uploads\/cache\/2023\/12\/1116\/2543520587.jpg\" height=\"300\" width=\"400\" class=\"skip-lazy fg-image\" loading=\"eager\"><\/span><span class=\"fg-image-overlay\"><\/span><\/a><\/figure><div class=\"fg-loader\"><\/div><\/div><\/div>","protected":false},"excerpt":{"rendered":"<p>I slutten av februar 2002 var eg p\u00e5 ein konferanse i Barcelona, og nytta h\u00f8vet til \u00e5 vitje fjellet Montserrat som ligg i n\u00e6rleiken.<\/p>\n","protected":false},"author":1,"featured_media":3909,"comment_status":"open","ping_status":"open","sticky":false,"template":"","format":"standard","meta":{"footnotes":""},"categories":[116,125],"tags":[],"class_list":["post-5213","post","type-post","status-publish","format-standard","has-post-thumbnail","hentry","category-116","category-spain"],"blocksy_meta":[],"_links":{"self":[{"href":"https:\/\/www.vindenes.nu\/no\/wp-json\/wp\/v2\/posts\/5213","targetHints":{"allow":["GET"]}}],"collection":[{"href":"https:\/\/www.vindenes.nu\/no\/wp-json\/wp\/v2\/posts"}],"about":[{"href":"https:\/\/www.vindenes.nu\/no\/wp-json\/wp\/v2\/types\/post"}],"author":[{"embeddable":true,"href":"https:\/\/www.vindenes.nu\/no\/wp-json\/wp\/v2\/users\/1"}],"replies":[{"embeddable":true,"href":"https:\/\/www.vindenes.nu\/no\/wp-json\/wp\/v2\/comments?post=5213"}],"version-history":[{"count":1,"href":"https:\/\/www.vindenes.nu\/no\/wp-json\/wp\/v2\/posts\/5213\/revisions"}],"predecessor-version":[{"id":9145,"href":"https:\/\/www.vindenes.nu\/no\/wp-json\/wp\/v2\/posts\/5213\/revisions\/9145"}],"wp:featuredmedia":[{"embeddable":true,"href":"https:\/\/www.vindenes.nu\/no\/wp-json\/wp\/v2\/media\/3909"}],"wp:attachment":[{"href":"https:\/\/www.vindenes.nu\/no\/wp-json\/wp\/v2\/media?parent=5213"}],"wp:term":[{"taxonomy":"category","embeddable":true,"href":"https:\/\/www.vindenes.nu\/no\/wp-json\/wp\/v2\/categories?post=5213"},{"taxonomy":"post_tag","embeddable":true,"href":"https:\/\/www.vindenes.nu\/no\/wp-json\/wp\/v2\/tags?post=5213"}],"curies":[{"name":"wp","href":"https:\/\/api.w.org\/{rel}","templated":true}]}}