{"id":6195,"date":"2003-11-04T22:35:51","date_gmt":"2003-11-04T22:35:51","guid":{"rendered":"https:\/\/www.vindenes.nu\/?p=6195"},"modified":"2025-11-05T22:17:46","modified_gmt":"2025-11-05T22:17:46","slug":"two-trips-to-iceland","status":"publish","type":"post","link":"https:\/\/www.vindenes.nu\/no\/2003\/11\/04\/two-trips-to-iceland\/","title":{"rendered":"To turar til Island"},"content":{"rendered":"<p>Eg var p\u00e5 Island to gongar i 2003, f\u00f8rst den siste helga i mai, og deretter i november. Begge gongane budde eg i Reykjavik, og p\u00e5 den f\u00f8rste turen vitja eg ogs\u00e5 \u00deingvellir, Gullfoss og Geysir.<\/p>\n<h4>Reykjavik og innlandet<\/h4>\n<p>Den siste helga i mai vitja eg Reykjavik, \u00deingvellir, Gullfoss og Geysir p\u00e5 Island.<\/p>\n<style type=\"text\/css\">\n#foogallery-gallery-5508.fg-justified .fg-item { margin-right: 2px; margin-bottom: 2px; }\n#foogallery-gallery-5508.fg-justified .fg-image { height: 200px; }<\/style>\n\t\t\t<div class=\"foogallery foogallery-container foogallery-justified foogallery-lightbox-foogallery fg-justified fg-ready fg-light fg-shadow-outline fg-loading-default fg-loaded-fade-in fg-caption-always fg-hover-fade fg-hover-zoom2\" id=\"foogallery-gallery-5508\" data-foogallery=\"{&quot;item&quot;:{&quot;showCaptionTitle&quot;:true,&quot;showCaptionDescription&quot;:false},&quot;lazy&quot;:false,&quot;src&quot;:&quot;src&quot;,&quot;srcset&quot;:&quot;srcset&quot;,&quot;template&quot;:{&quot;rowHeight&quot;:200,&quot;maxRowHeight&quot;:300,&quot;margins&quot;:2,&quot;align&quot;:&quot;center&quot;,&quot;lastRow&quot;:&quot;smart&quot;}}\" data-foogallery-lightbox=\"{&quot;thumbs&quot;:&quot;bottom&quot;,&quot;thumbsCaptions&quot;:false,&quot;thumbsBestFit&quot;:false,&quot;thumbsSmall&quot;:false,&quot;thumbsCaptionsAlign&quot;:&quot;default&quot;,&quot;info&quot;:&quot;bottom&quot;,&quot;infoVisible&quot;:true,&quot;infoOverlay&quot;:true,&quot;infoAlign&quot;:&quot;default&quot;,&quot;transition&quot;:&quot;fade&quot;,&quot;hoverButtons&quot;:false,&quot;fitMedia&quot;:false,&quot;noScrollbars&quot;:true,&quot;preserveButtonSpace&quot;:true,&quot;buttons&quot;:{&quot;fullscreen&quot;:true,&quot;info&quot;:true,&quot;thumbs&quot;:false},&quot;video&quot;:{&quot;autoPlay&quot;:true}}\" style=\"--fg-title-line-clamp: 0; --fg-description-line-clamp: 0;\" >\n\t<div class=\"fg-item fg-type-image fg-loaded\"><figure class=\"fg-item-inner\"><a href=\"https:\/\/www.vindenes.nu\/wp-content\/uploads\/2024\/01\/2297.jpg\" data-caption-desc=\"Vatnet Tj\u00f6rninn ligg i sentrum av Reykjavik. Den h\u00f8ge gr\u00e5 bygningen er Hallgrimskirkja.\" data-attachment-id=\"5509\" data-type=\"image\" class=\"fg-thumb\"><span class=\"fg-image-wrap\"><img fetchpriority=\"high\" decoding=\"async\" src=\"https:\/\/www.vindenes.nu\/wp-content\/uploads\/cache\/2024\/01\/2297\/4294579238.jpg\" height=\"300\" width=\"400\" class=\"skip-lazy fg-image\" loading=\"eager\"><\/span><span class=\"fg-image-overlay\"><\/span><\/a><\/figure><div class=\"fg-loader\"><\/div><\/div><div class=\"fg-item fg-type-image fg-loaded\"><figure class=\"fg-item-inner\"><a href=\"https:\/\/www.vindenes.nu\/wp-content\/uploads\/2024\/01\/2301.jpg\" data-caption-desc=\"Rundt Tj\u00f6rninn er det gr\u00f8ne omr\u00e5de.\" data-attachment-id=\"5510\" data-type=\"image\" class=\"fg-thumb\"><span class=\"fg-image-wrap\"><img decoding=\"async\" src=\"https:\/\/www.vindenes.nu\/wp-content\/uploads\/cache\/2024\/01\/2301\/3201448187.jpg\" height=\"300\" width=\"399\" class=\"skip-lazy fg-image\" loading=\"eager\"><\/span><span class=\"fg-image-overlay\"><\/span><\/a><\/figure><div class=\"fg-loader\"><\/div><\/div><div class=\"fg-item fg-type-image fg-loaded\"><figure class=\"fg-item-inner\"><a href=\"https:\/\/www.vindenes.nu\/wp-content\/uploads\/2024\/01\/2280.jpg\" data-caption-desc=\"Midt mellom sm\u00e5 hus i alle fargane i regnbogen er Hallgrimskirkja den mest spesielle bygningen i Reykjavik. Byggearbeidet starta like etter 2. verdskrigen, men er framleis ikkje ferdig. Arbeidet vert visstnok utf\u00f8rt av ei verksemd med ein mann og sonen hans. Det er ikkje mykje \u00e5 sj\u00e5 inne, bortsett fr\u00e5 eit orgel.\" data-attachment-id=\"5511\" data-type=\"image\" class=\"fg-thumb\"><span class=\"fg-image-wrap\"><img decoding=\"async\" src=\"https:\/\/www.vindenes.nu\/wp-content\/uploads\/cache\/2024\/01\/2280\/1073189272.jpg\" height=\"300\" width=\"284\" class=\"skip-lazy fg-image\" loading=\"eager\"><\/span><span class=\"fg-image-overlay\"><\/span><\/a><\/figure><div class=\"fg-loader\"><\/div><\/div><div class=\"fg-item fg-type-image fg-loaded\"><figure class=\"fg-item-inner\"><a href=\"https:\/\/www.vindenes.nu\/wp-content\/uploads\/2024\/01\/2284.jpg\" data-caption-desc=\"Om kvelden i helgene samlast folk p\u00e5 Austurv\u00f6llur, plassen framfor parlamentsbygningen - Al\u00feingsh\u00f9sit. Alltinget er det eldste parlamentet i verda, med r\u00f8ter tilbake fr\u00e5 930 e.Kr.\" data-attachment-id=\"5512\" data-type=\"image\" class=\"fg-thumb\"><span class=\"fg-image-wrap\"><img decoding=\"async\" src=\"https:\/\/www.vindenes.nu\/wp-content\/uploads\/cache\/2024\/01\/2284\/2432843279.jpg\" height=\"300\" width=\"400\" class=\"skip-lazy fg-image\" loading=\"eager\"><\/span><span class=\"fg-image-overlay\"><\/span><\/a><\/figure><div class=\"fg-loader\"><\/div><\/div><div class=\"fg-item fg-type-image fg-loaded\"><figure class=\"fg-item-inner\"><a href=\"https:\/\/www.vindenes.nu\/wp-content\/uploads\/2024\/01\/2289.jpg\" data-caption-desc=\"Regjeringshuset vart reist mellom 1761 og 1771 som eit fengsel, men i dag huser bygget statsministeren.\" data-attachment-id=\"5513\" data-type=\"image\" class=\"fg-thumb\"><span class=\"fg-image-wrap\"><img decoding=\"async\" src=\"https:\/\/www.vindenes.nu\/wp-content\/uploads\/cache\/2024\/01\/2289\/328354565.jpg\" height=\"300\" width=\"398\" class=\"skip-lazy fg-image\" loading=\"eager\"><\/span><span class=\"fg-image-overlay\"><\/span><\/a><\/figure><div class=\"fg-loader\"><\/div><\/div><div class=\"fg-item fg-type-image fg-loaded\"><figure class=\"fg-item-inner\"><a href=\"https:\/\/www.vindenes.nu\/wp-content\/uploads\/2024\/01\/2287.jpg\" data-caption-desc=\"Like i n\u00e6rleiken av Regjeringshuset er det ein statue av Ing\u00f3lfur Arnarson, den f\u00f8rste som slo seg ned p\u00e5 Island.\" data-attachment-id=\"5514\" data-type=\"image\" class=\"fg-thumb\"><span class=\"fg-image-wrap\"><img decoding=\"async\" src=\"https:\/\/www.vindenes.nu\/wp-content\/uploads\/cache\/2024\/01\/2287\/1257405238.jpg\" height=\"300\" width=\"205\" class=\"skip-lazy fg-image\" loading=\"eager\"><\/span><span class=\"fg-image-overlay\"><\/span><\/a><\/figure><div class=\"fg-loader\"><\/div><\/div><div class=\"fg-item fg-type-image fg-loaded\"><figure class=\"fg-item-inner\"><a href=\"https:\/\/www.vindenes.nu\/wp-content\/uploads\/2024\/01\/2338.jpg\" data-caption-desc=\"Sk\u00f3lav\u00f6r\u00f0ust\u00c3\u00adgur g\u00e5r fr\u00e5 Hallgrimskirkja og ned til den travle handlegata Laugavegur.\" data-attachment-id=\"5515\" data-type=\"image\" class=\"fg-thumb\"><span class=\"fg-image-wrap\"><img decoding=\"async\" src=\"https:\/\/www.vindenes.nu\/wp-content\/uploads\/cache\/2024\/01\/2338\/3889233058.jpg\" height=\"300\" width=\"384\" class=\"skip-lazy fg-image\" loading=\"eager\"><\/span><span class=\"fg-image-overlay\"><\/span><\/a><\/figure><div class=\"fg-loader\"><\/div><\/div><div class=\"fg-item fg-type-image fg-loaded\"><figure class=\"fg-item-inner\"><a href=\"https:\/\/www.vindenes.nu\/wp-content\/uploads\/2024\/01\/2292.jpg\" data-caption-desc=\"Ein katt pr\u00f8ver \u00e5 f\u00e5 tak i eit stykke br\u00f8d som flyter i Tj\u00f6rninn. Eg venta spent p\u00e5 at katten skulle falle uti, men det gjorde han ikkje.\" data-attachment-id=\"5516\" data-type=\"image\" class=\"fg-thumb\"><span class=\"fg-image-wrap\"><img decoding=\"async\" src=\"https:\/\/www.vindenes.nu\/wp-content\/uploads\/cache\/2024\/01\/2292\/641966247.jpg\" height=\"300\" width=\"397\" class=\"skip-lazy fg-image\" loading=\"eager\"><\/span><span class=\"fg-image-overlay\"><\/span><\/a><\/figure><div class=\"fg-loader\"><\/div><\/div><div class=\"fg-item fg-type-image fg-loaded\"><figure class=\"fg-item-inner\"><a href=\"https:\/\/www.vindenes.nu\/wp-content\/uploads\/2024\/01\/2285.jpg\" data-caption-desc=\"Ein skulptur ved hamna. Fekk ikkje heilt med meg kva han skulle forestille.\" data-attachment-id=\"5517\" data-type=\"image\" class=\"fg-thumb\"><span class=\"fg-image-wrap\"><img decoding=\"async\" src=\"https:\/\/www.vindenes.nu\/wp-content\/uploads\/cache\/2024\/01\/2285\/577297702.jpg\" height=\"300\" width=\"400\" class=\"skip-lazy fg-image\" loading=\"eager\"><\/span><span class=\"fg-image-overlay\"><\/span><\/a><\/figure><div class=\"fg-loader\"><\/div><\/div><div class=\"fg-item fg-type-image fg-loaded\"><figure class=\"fg-item-inner\"><a href=\"https:\/\/www.vindenes.nu\/wp-content\/uploads\/2024\/01\/2337.jpg\" data-caption-desc=\"N\u00e6r Keflavik-flyplassen er den Bl\u00e5 Lagunen, ei varm kjelde som er ein av dei st\u00f8rste turistattraksjonane p\u00e5 Island. Etter \u00e5 ha blitt utnytta i eit kraftverk like ved, blir det varme vatnet f\u00f8rt i eit stort basseng der folk kan bade i det mineralrike vatnet som visstnok skal vere ganske sunt for huden.\" data-attachment-id=\"5518\" data-type=\"image\" class=\"fg-thumb\"><span class=\"fg-image-wrap\"><img decoding=\"async\" src=\"https:\/\/www.vindenes.nu\/wp-content\/uploads\/cache\/2024\/01\/2337\/2375748449.jpg\" height=\"300\" width=\"400\" class=\"skip-lazy fg-image\" loading=\"eager\"><\/span><span class=\"fg-image-overlay\"><\/span><\/a><\/figure><div class=\"fg-loader\"><\/div><\/div><div class=\"fg-item fg-type-image fg-loaded\"><figure class=\"fg-item-inner\"><a href=\"https:\/\/www.vindenes.nu\/wp-content\/uploads\/2024\/01\/2319.jpg\" data-caption-desc=\"Ein av dagane leigde eg ein bil og k\u00f8yrde opp i fjella.\" data-attachment-id=\"5519\" data-type=\"image\" class=\"fg-thumb\"><span class=\"fg-image-wrap\"><img decoding=\"async\" src=\"https:\/\/www.vindenes.nu\/wp-content\/uploads\/cache\/2024\/01\/2319\/2943504654.jpg\" height=\"300\" width=\"400\" class=\"skip-lazy fg-image\" loading=\"eager\"><\/span><span class=\"fg-image-overlay\"><\/span><\/a><\/figure><div class=\"fg-loader\"><\/div><\/div><div class=\"fg-item fg-type-image fg-loaded\"><figure class=\"fg-item-inner\"><a href=\"https:\/\/www.vindenes.nu\/wp-content\/uploads\/2024\/01\/2304.jpg\" data-caption-desc=\"\u00deingvellir er der Alltinget samlast i gamal tid.\" data-attachment-id=\"5520\" data-type=\"image\" class=\"fg-thumb\"><span class=\"fg-image-wrap\"><img decoding=\"async\" src=\"https:\/\/www.vindenes.nu\/wp-content\/uploads\/cache\/2024\/01\/2304\/3306919131.jpg\" height=\"300\" width=\"493\" class=\"skip-lazy fg-image\" loading=\"eager\"><\/span><span class=\"fg-image-overlay\"><\/span><\/a><\/figure><div class=\"fg-loader\"><\/div><\/div><div class=\"fg-item fg-type-image fg-loaded\"><figure class=\"fg-item-inner\"><a href=\"https:\/\/www.vindenes.nu\/wp-content\/uploads\/2024\/01\/2308.jpg\" data-caption-desc=\"Omr\u00e5det ligg p\u00e5 enden av den Nordamerikanske kontinentalplata, og ei stor rift har vorte forma som f\u00f8lge av at kontinentalplatene driv fr\u00e5 karandre med omlag 1,5 cm kvart \u00e5r.\" data-attachment-id=\"5521\" data-type=\"image\" class=\"fg-thumb\"><span class=\"fg-image-wrap\"><img decoding=\"async\" src=\"https:\/\/www.vindenes.nu\/wp-content\/uploads\/cache\/2024\/01\/2308\/2334253391.jpg\" height=\"300\" width=\"488\" class=\"skip-lazy fg-image\" loading=\"eager\"><\/span><span class=\"fg-image-overlay\"><\/span><\/a><\/figure><div class=\"fg-loader\"><\/div><\/div><div class=\"fg-item fg-type-image fg-loaded\"><figure class=\"fg-item-inner\"><a href=\"https:\/\/www.vindenes.nu\/wp-content\/uploads\/2024\/01\/2310.jpg\" data-caption-desc=\"\u00c3\u2013xarafoss renn over Almannagja, ei 2 km lang forkastning. Kvinner som vart d\u00f8mt for \u00e5 vere hekser vart drukna i vatnet her nokre hundre \u00e5r sidan.\" data-attachment-id=\"5522\" data-type=\"image\" class=\"fg-thumb\"><span class=\"fg-image-wrap\"><img decoding=\"async\" src=\"https:\/\/www.vindenes.nu\/wp-content\/uploads\/cache\/2024\/01\/2310\/1694519252.jpg\" height=\"300\" width=\"400\" class=\"skip-lazy fg-image\" loading=\"eager\"><\/span><span class=\"fg-image-overlay\"><\/span><\/a><\/figure><div class=\"fg-loader\"><\/div><\/div><div class=\"fg-item fg-type-image fg-loaded\"><figure class=\"fg-item-inner\"><a href=\"https:\/\/www.vindenes.nu\/wp-content\/uploads\/2024\/01\/2312.jpg\" data-caption-desc=\"Flaggstanga markerer staden ein trur er L\u00f6gberg, staden som fungerte som talarstol p\u00e5 Alltinget. Her vart lovene lest opp for dei framm\u00f8tte.\" data-attachment-id=\"5523\" data-type=\"image\" class=\"fg-thumb\"><span class=\"fg-image-wrap\"><img decoding=\"async\" src=\"https:\/\/www.vindenes.nu\/wp-content\/uploads\/cache\/2024\/01\/2312\/1051732082.jpg\" height=\"300\" width=\"256\" class=\"skip-lazy fg-image\" loading=\"eager\"><\/span><span class=\"fg-image-overlay\"><\/span><\/a><\/figure><div class=\"fg-loader\"><\/div><\/div><div class=\"fg-item fg-type-image fg-loaded\"><figure class=\"fg-item-inner\"><a href=\"https:\/\/www.vindenes.nu\/wp-content\/uploads\/2024\/01\/2321.jpg\" data-caption-desc=\"Nedanfor fjellet Bjarnfell er det eit felt med varme kjelder.\" data-attachment-id=\"5524\" data-type=\"image\" class=\"fg-thumb\"><span class=\"fg-image-wrap\"><img decoding=\"async\" src=\"https:\/\/www.vindenes.nu\/wp-content\/uploads\/cache\/2024\/01\/2321\/3310891349.jpg\" height=\"300\" width=\"400\" class=\"skip-lazy fg-image\" loading=\"eager\"><\/span><span class=\"fg-image-overlay\"><\/span><\/a><\/figure><div class=\"fg-loader\"><\/div><\/div><div class=\"fg-item fg-type-image fg-loaded\"><figure class=\"fg-item-inner\"><a href=\"https:\/\/www.vindenes.nu\/wp-content\/uploads\/2024\/01\/2334.jpg\" data-caption-desc=\"Geysir sendte tidlegare vatn 70 meter opp i lufta, men dei siste 40 \u00e5ra har den vore ganske stille. Ordet geysir kjem fr\u00e5 denne vasspytta.\" data-attachment-id=\"5525\" data-type=\"image\" class=\"fg-thumb\"><span class=\"fg-image-wrap\"><img decoding=\"async\" src=\"https:\/\/www.vindenes.nu\/wp-content\/uploads\/cache\/2024\/01\/2334\/2203470761.jpg\" height=\"300\" width=\"400\" class=\"skip-lazy fg-image\" loading=\"eager\"><\/span><span class=\"fg-image-overlay\"><\/span><\/a><\/figure><div class=\"fg-loader\"><\/div><\/div><div class=\"fg-item fg-type-image fg-loaded\"><figure class=\"fg-item-inner\"><a href=\"https:\/\/www.vindenes.nu\/wp-content\/uploads\/2024\/01\/2322.jpg\" data-caption-desc=\"Like ved Geysir er det ein annan geysir som framleis er aktiv, Stokkur.. Det startar med nokre sm\u00e5 bobler og br\u00e5 endringar i niv\u00e5et p\u00e5 vatnet...\" data-attachment-id=\"5526\" data-type=\"image\" class=\"fg-thumb\"><span class=\"fg-image-wrap\"><img decoding=\"async\" src=\"https:\/\/www.vindenes.nu\/wp-content\/uploads\/cache\/2024\/01\/2322\/2029909760.jpg\" height=\"300\" width=\"443\" class=\"skip-lazy fg-image\" loading=\"eager\"><\/span><span class=\"fg-image-overlay\"><\/span><\/a><\/figure><div class=\"fg-loader\"><\/div><\/div><div class=\"fg-item fg-type-image fg-loaded\"><figure class=\"fg-item-inner\"><a href=\"https:\/\/www.vindenes.nu\/wp-content\/uploads\/2024\/01\/2323.jpg\" data-caption-desc=\"...og \u00e5 bryt det ut med \u00e5 sende ei s\u00f8yle med kokande vatn 30 meter opp i lufta...\" data-attachment-id=\"5527\" data-type=\"image\" class=\"fg-thumb\"><span class=\"fg-image-wrap\"><img decoding=\"async\" src=\"https:\/\/www.vindenes.nu\/wp-content\/uploads\/cache\/2024\/01\/2323\/2915211077.jpg\" height=\"300\" width=\"262\" class=\"skip-lazy fg-image\" loading=\"eager\"><\/span><span class=\"fg-image-overlay\"><\/span><\/a><\/figure><div class=\"fg-loader\"><\/div><\/div><div class=\"fg-item fg-type-image fg-loaded\"><figure class=\"fg-item-inner\"><a href=\"https:\/\/www.vindenes.nu\/wp-content\/uploads\/2024\/01\/2325.jpg\" data-caption-desc=\"...og s\u00e5 blir det roleg igjen. I alle fall i 5 minutt.\" data-attachment-id=\"5528\" data-type=\"image\" class=\"fg-thumb\"><span class=\"fg-image-wrap\"><img decoding=\"async\" src=\"https:\/\/www.vindenes.nu\/wp-content\/uploads\/cache\/2024\/01\/2325\/3958159899.jpg\" height=\"300\" width=\"405\" class=\"skip-lazy fg-image\" loading=\"eager\"><\/span><span class=\"fg-image-overlay\"><\/span><\/a><\/figure><div class=\"fg-loader\"><\/div><\/div><div class=\"fg-item fg-type-image fg-loaded\"><figure class=\"fg-item-inner\"><a href=\"https:\/\/www.vindenes.nu\/wp-content\/uploads\/2024\/01\/2333.jpg\" data-caption-desc=\"N\u00e6r Stokkur er det ogs\u00e5 to sm\u00e5 tvillingbasseng (Blesi). Det eine er opalbl\u00e5tt og komfortabelt varmt, medan det andre er har klart vatn n\u00e6r kokepunktet.\" data-attachment-id=\"5529\" data-type=\"image\" class=\"fg-thumb\"><span class=\"fg-image-wrap\"><img decoding=\"async\" src=\"https:\/\/www.vindenes.nu\/wp-content\/uploads\/cache\/2024\/01\/2333\/594396932.jpg\" height=\"300\" width=\"400\" class=\"skip-lazy fg-image\" loading=\"eager\"><\/span><span class=\"fg-image-overlay\"><\/span><\/a><\/figure><div class=\"fg-loader\"><\/div><\/div><div class=\"fg-item fg-type-image fg-loaded\"><figure class=\"fg-item-inner\"><a href=\"https:\/\/www.vindenes.nu\/wp-content\/uploads\/2024\/01\/2329.jpg\" data-caption-desc=\"Gullfoss er det mest imponerande fossefallet p\u00e5 Island.\" data-attachment-id=\"5530\" data-type=\"image\" class=\"fg-thumb\"><span class=\"fg-image-wrap\"><img decoding=\"async\" src=\"https:\/\/www.vindenes.nu\/wp-content\/uploads\/cache\/2024\/01\/2329\/1643132848.jpg\" height=\"300\" width=\"400\" class=\"skip-lazy fg-image\" loading=\"eager\"><\/span><span class=\"fg-image-overlay\"><\/span><\/a><\/figure><div class=\"fg-loader\"><\/div><\/div><div class=\"fg-item fg-type-image fg-loaded\"><figure class=\"fg-item-inner\"><a href=\"https:\/\/www.vindenes.nu\/wp-content\/uploads\/2024\/01\/2330.jpg\" data-attachment-id=\"5531\" data-type=\"image\" class=\"fg-thumb\"><span class=\"fg-image-wrap\"><img decoding=\"async\" src=\"https:\/\/www.vindenes.nu\/wp-content\/uploads\/cache\/2024\/01\/2330\/1884379139.jpg\" height=\"300\" width=\"225\" class=\"skip-lazy fg-image\" loading=\"eager\"><\/span><span class=\"fg-image-overlay\"><\/span><\/a><\/figure><div class=\"fg-loader\"><\/div><\/div><\/div>\n\n<h4>Reykjavik<\/h4>\n<p>Berre nokre m\u00e5nadar etter at eg var p\u00e5 Island f\u00f8rste gong, returnerte eg for meir saman med ein kamerat. Vi vitja den Bl\u00e5 Lagunen to gongar i l\u00f8pet av turen den f\u00f8rste helga i november.<\/p>\n<style type=\"text\/css\">\n#foogallery-gallery-5497.fg-justified .fg-item { margin-right: 2px; margin-bottom: 2px; }\n#foogallery-gallery-5497.fg-justified .fg-image { height: 200px; }<\/style>\n\t\t\t<div class=\"foogallery foogallery-container foogallery-justified foogallery-lightbox-foogallery fg-justified fg-ready fg-light fg-shadow-outline fg-loading-default fg-loaded-fade-in fg-caption-always fg-hover-fade fg-hover-zoom2\" id=\"foogallery-gallery-5497\" data-foogallery=\"{&quot;item&quot;:{&quot;showCaptionTitle&quot;:true,&quot;showCaptionDescription&quot;:false},&quot;lazy&quot;:false,&quot;src&quot;:&quot;src&quot;,&quot;srcset&quot;:&quot;srcset&quot;,&quot;template&quot;:{&quot;rowHeight&quot;:200,&quot;maxRowHeight&quot;:300,&quot;margins&quot;:2,&quot;align&quot;:&quot;center&quot;,&quot;lastRow&quot;:&quot;smart&quot;}}\" data-foogallery-lightbox=\"{&quot;thumbs&quot;:&quot;bottom&quot;,&quot;thumbsCaptions&quot;:false,&quot;thumbsBestFit&quot;:false,&quot;thumbsSmall&quot;:false,&quot;thumbsCaptionsAlign&quot;:&quot;default&quot;,&quot;info&quot;:&quot;bottom&quot;,&quot;infoVisible&quot;:true,&quot;infoOverlay&quot;:true,&quot;infoAlign&quot;:&quot;default&quot;,&quot;transition&quot;:&quot;fade&quot;,&quot;hoverButtons&quot;:false,&quot;fitMedia&quot;:false,&quot;noScrollbars&quot;:true,&quot;preserveButtonSpace&quot;:true,&quot;buttons&quot;:{&quot;fullscreen&quot;:true,&quot;info&quot;:true,&quot;thumbs&quot;:false},&quot;video&quot;:{&quot;autoPlay&quot;:true}}\" style=\"--fg-title-line-clamp: 0; --fg-description-line-clamp: 0;\" >\n\t<div class=\"fg-item fg-type-image fg-loaded\"><figure class=\"fg-item-inner\"><a href=\"https:\/\/www.vindenes.nu\/wp-content\/uploads\/2024\/01\/44.jpg\" data-caption-desc=\"Sentrum av Reykjavik.\" data-attachment-id=\"5498\" data-type=\"image\" class=\"fg-thumb\"><span class=\"fg-image-wrap\"><img decoding=\"async\" src=\"https:\/\/www.vindenes.nu\/wp-content\/uploads\/cache\/2024\/01\/44\/1320203349.jpg\" height=\"300\" width=\"400\" class=\"skip-lazy fg-image\" loading=\"eager\"><\/span><span class=\"fg-image-overlay\"><\/span><\/a><\/figure><div class=\"fg-loader\"><\/div><\/div><div class=\"fg-item fg-type-image fg-loaded\"><figure class=\"fg-item-inner\"><a href=\"https:\/\/www.vindenes.nu\/wp-content\/uploads\/2024\/01\/45.jpg\" data-attachment-id=\"5499\" data-type=\"image\" class=\"fg-thumb\"><span class=\"fg-image-wrap\"><img decoding=\"async\" src=\"https:\/\/www.vindenes.nu\/wp-content\/uploads\/cache\/2024\/01\/45\/1836010839.jpg\" height=\"300\" width=\"400\" class=\"skip-lazy fg-image\" loading=\"eager\"><\/span><span class=\"fg-image-overlay\"><\/span><\/a><\/figure><div class=\"fg-loader\"><\/div><\/div><div class=\"fg-item fg-type-image fg-loaded\"><figure class=\"fg-item-inner\"><a href=\"https:\/\/www.vindenes.nu\/wp-content\/uploads\/2024\/01\/43.jpg\" data-caption-desc=\"Jahn Richard framfor Hallgrimskirkja.\" data-attachment-id=\"5500\" data-type=\"image\" class=\"fg-thumb\"><span class=\"fg-image-wrap\"><img decoding=\"async\" src=\"https:\/\/www.vindenes.nu\/wp-content\/uploads\/cache\/2024\/01\/43\/363654993.jpg\" height=\"300\" width=\"225\" class=\"skip-lazy fg-image\" loading=\"eager\"><\/span><span class=\"fg-image-overlay\"><\/span><\/a><\/figure><div class=\"fg-loader\"><\/div><\/div><div class=\"fg-item fg-type-image fg-loaded\"><figure class=\"fg-item-inner\"><a href=\"https:\/\/www.vindenes.nu\/wp-content\/uploads\/2024\/01\/52.jpg\" data-caption-desc=\"P\u00e5 toppen av haugen \u00d6skjuhli\u00f0, rett ved sentrum av Reykjavik, st\u00e5r det 5 vasscontainarar, kvar med 4000 liter 80 grader C varmt vatn. Dette vatnet vert nytta i hus, kontor og symjebasseng, og til \u00e5 varme opp fortaua i byen slik at det ikkje legg seg is der om vinteren. P\u00e5 toppen ligg den roterande restauranten Perlan.\" data-attachment-id=\"5501\" data-type=\"image\" class=\"fg-thumb\"><span class=\"fg-image-wrap\"><img decoding=\"async\" src=\"https:\/\/www.vindenes.nu\/wp-content\/uploads\/cache\/2024\/01\/52\/554172944.jpg\" height=\"300\" width=\"408\" class=\"skip-lazy fg-image\" loading=\"eager\"><\/span><span class=\"fg-image-overlay\"><\/span><\/a><\/figure><div class=\"fg-loader\"><\/div><\/div><div class=\"fg-item fg-type-image fg-loaded\"><figure class=\"fg-item-inner\"><a href=\"https:\/\/www.vindenes.nu\/wp-content\/uploads\/2024\/01\/46.jpg\" data-attachment-id=\"5502\" data-type=\"image\" class=\"fg-thumb\"><span class=\"fg-image-wrap\"><img decoding=\"async\" src=\"https:\/\/www.vindenes.nu\/wp-content\/uploads\/cache\/2024\/01\/46\/1490424908.jpg\" height=\"300\" width=\"426\" class=\"skip-lazy fg-image\" loading=\"eager\"><\/span><span class=\"fg-image-overlay\"><\/span><\/a><\/figure><div class=\"fg-loader\"><\/div><\/div><div class=\"fg-item fg-type-image fg-loaded\"><figure class=\"fg-item-inner\"><a href=\"https:\/\/www.vindenes.nu\/wp-content\/uploads\/2024\/01\/57.jpg\" data-caption-desc=\"Inne i anlegget er det ein kunstig geysir som sprutar vatn fleire etasjar opp i lufta omlag kvart femte minutt.\" data-attachment-id=\"5503\" data-type=\"image\" class=\"fg-thumb\"><span class=\"fg-image-wrap\"><img decoding=\"async\" src=\"https:\/\/www.vindenes.nu\/wp-content\/uploads\/cache\/2024\/01\/57\/1819474189.jpg\" height=\"300\" width=\"225\" class=\"skip-lazy fg-image\" loading=\"eager\"><\/span><span class=\"fg-image-overlay\"><\/span><\/a><\/figure><div class=\"fg-loader\"><\/div><\/div><div class=\"fg-item fg-type-image fg-loaded\"><figure class=\"fg-item-inner\"><a href=\"https:\/\/www.vindenes.nu\/wp-content\/uploads\/2024\/01\/64.jpg\" data-caption-desc=\"Utsikta fr\u00e5 toppen av vasstankane er bra.\" data-attachment-id=\"5504\" data-type=\"image\" class=\"fg-thumb\"><span class=\"fg-image-wrap\"><img decoding=\"async\" src=\"https:\/\/www.vindenes.nu\/wp-content\/uploads\/cache\/2024\/01\/64\/984228924.jpg\" height=\"300\" width=\"400\" class=\"skip-lazy fg-image\" loading=\"eager\"><\/span><span class=\"fg-image-overlay\"><\/span><\/a><\/figure><div class=\"fg-loader\"><\/div><\/div><div class=\"fg-item fg-type-image fg-loaded\"><figure class=\"fg-item-inner\"><a href=\"https:\/\/www.vindenes.nu\/wp-content\/uploads\/2024\/01\/62.jpg\" data-caption-desc=\"Solnedgang over Keflavik, sett fr\u00e5 Reykjavik. \" data-attachment-id=\"5505\" data-type=\"image\" class=\"fg-thumb\"><span class=\"fg-image-wrap\"><img decoding=\"async\" src=\"https:\/\/www.vindenes.nu\/wp-content\/uploads\/cache\/2024\/01\/62\/330355751.jpg\" height=\"300\" width=\"468\" class=\"skip-lazy fg-image\" loading=\"eager\"><\/span><span class=\"fg-image-overlay\"><\/span><\/a><\/figure><div class=\"fg-loader\"><\/div><\/div><div class=\"fg-item fg-type-image fg-loaded\"><figure class=\"fg-item-inner\"><a href=\"https:\/\/www.vindenes.nu\/wp-content\/uploads\/2024\/01\/75.jpg\" data-caption-desc=\"Like ved Keflavik, der den internasjonale flyplassen ligg, er det eit stort badeanlegg med varmt vatn fr\u00e5 nedi jorda. Vatnet g\u00e5r f\u00f8rst gjennom eit kraftverk, og etterp\u00e5 g\u00e5r det ut i den Bl\u00e5 Lagunen, der vatnet held ca 40 grader.\" data-attachment-id=\"5506\" data-type=\"image\" class=\"fg-thumb\"><span class=\"fg-image-wrap\"><img decoding=\"async\" src=\"https:\/\/www.vindenes.nu\/wp-content\/uploads\/cache\/2024\/01\/75\/3840001432.jpg\" height=\"300\" width=\"400\" class=\"skip-lazy fg-image\" loading=\"eager\"><\/span><span class=\"fg-image-overlay\"><\/span><\/a><\/figure><div class=\"fg-loader\"><\/div><\/div><div class=\"fg-item fg-type-image fg-loaded\"><figure class=\"fg-item-inner\"><a href=\"https:\/\/www.vindenes.nu\/wp-content\/uploads\/2024\/01\/76.jpg\" data-caption-desc=\"Vatnet inneheld mange stoff som skal ha ein god verknad p\u00e5 huden. Her kjem mellom anna mange med eksem og psoriasis for \u00e5 f\u00e5 lindring. Og s\u00e5 er det satt ut b\u00f8tter med kiesel som ein kan ha i ansiktet.\" data-attachment-id=\"5507\" data-type=\"image\" class=\"fg-thumb\"><span class=\"fg-image-wrap\"><img decoding=\"async\" src=\"https:\/\/www.vindenes.nu\/wp-content\/uploads\/cache\/2024\/01\/76\/2233154535.jpg\" height=\"300\" width=\"400\" class=\"skip-lazy fg-image\" loading=\"eager\"><\/span><span class=\"fg-image-overlay\"><\/span><\/a><\/figure><div class=\"fg-loader\"><\/div><\/div><\/div>","protected":false},"excerpt":{"rendered":"<p>Eg var p\u00e5 Island to gongar i 2003, f\u00f8rst den siste helga i mai, og deretter i november. Begge gongane budde eg i Reykjavik, og p\u00e5 den f\u00f8rste turen vitja eg ogs\u00e5 \u00deingvellir, Gullfoss og Geysir. Reykjavik og innlandet Den siste helga i mai vitja eg Reykjavik, \u00deingvellir, Gullfoss og Geysir p\u00e5 Island. Reykjavik Berre [&hellip;]<\/p>\n","protected":false},"author":1,"featured_media":5507,"comment_status":"open","ping_status":"open","sticky":false,"template":"","format":"standard","meta":{"footnotes":""},"categories":[117,20],"tags":[],"class_list":["post-6195","post","type-post","status-publish","format-standard","has-post-thumbnail","hentry","category-117","category-iceland"],"blocksy_meta":[],"_links":{"self":[{"href":"https:\/\/www.vindenes.nu\/no\/wp-json\/wp\/v2\/posts\/6195","targetHints":{"allow":["GET"]}}],"collection":[{"href":"https:\/\/www.vindenes.nu\/no\/wp-json\/wp\/v2\/posts"}],"about":[{"href":"https:\/\/www.vindenes.nu\/no\/wp-json\/wp\/v2\/types\/post"}],"author":[{"embeddable":true,"href":"https:\/\/www.vindenes.nu\/no\/wp-json\/wp\/v2\/users\/1"}],"replies":[{"embeddable":true,"href":"https:\/\/www.vindenes.nu\/no\/wp-json\/wp\/v2\/comments?post=6195"}],"version-history":[{"count":1,"href":"https:\/\/www.vindenes.nu\/no\/wp-json\/wp\/v2\/posts\/6195\/revisions"}],"predecessor-version":[{"id":9150,"href":"https:\/\/www.vindenes.nu\/no\/wp-json\/wp\/v2\/posts\/6195\/revisions\/9150"}],"wp:featuredmedia":[{"embeddable":true,"href":"https:\/\/www.vindenes.nu\/no\/wp-json\/wp\/v2\/media\/5507"}],"wp:attachment":[{"href":"https:\/\/www.vindenes.nu\/no\/wp-json\/wp\/v2\/media?parent=6195"}],"wp:term":[{"taxonomy":"category","embeddable":true,"href":"https:\/\/www.vindenes.nu\/no\/wp-json\/wp\/v2\/categories?post=6195"},{"taxonomy":"post_tag","embeddable":true,"href":"https:\/\/www.vindenes.nu\/no\/wp-json\/wp\/v2\/tags?post=6195"}],"curies":[{"name":"wp","href":"https:\/\/api.w.org\/{rel}","templated":true}]}}